[{"@context":"https:\/\/schema.org\/","@type":"Article","@id":"https:\/\/www.excello.sk\/zakladne-opatrenia-pri-pandemii-covid-19\/#Article","mainEntityOfPage":"https:\/\/www.excello.sk\/zakladne-opatrenia-pri-pandemii-covid-19\/","headline":"Z\u00e1kladn\u00e9 opatrenia pri pand\u00e9mii COVID- 19","name":"Z\u00e1kladn\u00e9 opatrenia pri pand\u00e9mii COVID- 19","description":"Viem, sme o tom upozor\u0148ovan\u00ed na ka\u017edom kroku, no aj tak si rad\u0161ej pripome\u0148me, ako spolo\u010dne dok\u00e1\u017eeme pred\u00eds\u0165 \u0161\u00edreniu korony, \u010di\u017ee v\u00edrusu COVID 19. Teda ako v r\u00e1mci mo\u017enost\u00ed dok\u00e1\u017eeme chr\u00e1ni\u0165 seba, ale aj ostatn\u00fdch \u013eud\u00ed, s ktor\u00fdmi \u010di chceme alebo nie, skr\u00e1tka pr\u00eddeme do styku. Okrem aktu\u00e1lne dostupn\u00fdch mo\u017enosti, ak\u00fdmi s\u00fa testy na covid-19 [&hellip;]","datePublished":"2021-03-25","dateModified":"2023-08-29","author":{"@type":"Person","@id":"https:\/\/www.excello.sk\/author\/#Person","name":"","url":"https:\/\/www.excello.sk\/author\/","identifier":1,"image":{"@type":"ImageObject","@id":"https:\/\/secure.gravatar.com\/avatar\/c36ac855b1ee9cce96e09824fb5426d6eaccd04233fbf51e04e067ccd1b5fe13?s=96&d=mm&r=g","url":"https:\/\/secure.gravatar.com\/avatar\/c36ac855b1ee9cce96e09824fb5426d6eaccd04233fbf51e04e067ccd1b5fe13?s=96&d=mm&r=g","height":96,"width":96}},"publisher":{"@type":"Organization","name":"excello.sk","logo":{"@type":"ImageObject","@id":"\/logo.png","url":"\/logo.png","width":600,"height":60}},"url":"https:\/\/www.excello.sk\/zakladne-opatrenia-pri-pandemii-covid-19\/","wordCount":226,"articleBody":"           Viem, sme o tom upozor\u0148ovan\u00ed na ka\u017edom kroku, no aj tak si rad\u0161ej pripome\u0148me, ako spolo\u010dne dok\u00e1\u017eeme pred\u00eds\u0165 \u0161\u00edreniu korony, \u010di\u017ee v\u00edrusu COVID 19. Teda ako v r\u00e1mci mo\u017enost\u00ed dok\u00e1\u017eeme chr\u00e1ni\u0165 seba, ale aj ostatn\u00fdch \u013eud\u00ed, s ktor\u00fdmi \u010di chceme alebo nie, skr\u00e1tka pr\u00eddeme do styku. Okrem aktu\u00e1lne dostupn\u00fdch mo\u017enosti, ak\u00fdmi s\u00fa testy na covid-19 je potrebn\u00e9, aby sme zostali vz\u00e1jomne zodpovedn\u00ed a dodr\u017eiavali minim\u00e1lne tie z\u00e1kladn\u00e9 opatrenia. Hygiena na prvom mieste Sem sa vo ve\u013ekej miere radia faktory, \u010do s\u00favisia s \u013eudskou hygienou.  Zo v\u0161etk\u00e9ho najsk\u00f4r n\u00e1s z tohto h\u013eadiska napadne, \u017ee je potrebn\u00e9 si pravidelne um\u00fdva\u0165 ruky, okrem mydla takisto dezinfek\u010dn\u00fdm prostriedkom. Rovnako je potrebn\u00e9 pre\u010dis\u0165ova\u0165 are\u00e1l, v ktorom sa zhroma\u017e\u010fuj\u00fa \u013eudia, hlavne \u010disti\u0165 dotykov\u00e9 povrchy, teda dvere a k\u013eu\u010dky, ale napr\u00edklad aj stoly. V obchodoch, na po\u0161te,&#8230; a skr\u00e1tka v z\u00e1stupe \u013eud\u00ed je d\u00f4le\u017eit\u00e9 dodr\u017eiava\u0165 dvojmetrov\u00fd odstup. Ak na sebe c\u00edtite pr\u00edznaky ochorenia COVIDu 19 alebo v\u00e1m vy\u0161iel pozit\u00edvny test, samozrejmos\u0165ou je izolova\u0165 sa od ostatn\u00fdch a kontaktova\u0165 linku \u00daradu verejn\u00e9ho zdravotn\u00edctva SR pre viac pokynov.                                                                                                                                                                                                                                                                                                                                                                                          3.6\/5 - (9 votes)        "},{"@context":"https:\/\/schema.org\/","@type":"BreadcrumbList","itemListElement":[{"@type":"ListItem","position":1,"name":"Z\u00e1kladn\u00e9 opatrenia pri pand\u00e9mii COVID- 19","item":"https:\/\/www.excello.sk\/zakladne-opatrenia-pri-pandemii-covid-19\/#breadcrumbitem"}]}]